{"id":13787,"date":"2015-04-17T11:50:14","date_gmt":"2015-04-17T09:50:14","guid":{"rendered":"http:\/\/www.pelleterialasiberia.com\/?p=13787"},"modified":"2015-06-17T13:18:22","modified_gmt":"2015-06-17T11:18:22","slug":"primavera","status":"publish","type":"post","link":"https:\/\/www.pelleterialasiberia.com\/es\/2015\/04\/17\/primavera\/","title":{"rendered":"La Primavera ha arribat !  Llum, Color, Il.lusi\u00f3"},"content":{"rendered":"<h3 style=\"text-align: center;\"><strong>La primavera ja ha arribat, els dies s\u00f3n m\u00e9s llargs, \u00a0la llum i l&#8217;esclat de colors ens pugen l&#8217;estat d&#8217;\u00e0nim !!<\/strong><\/h3>\n<h3 style=\"text-align: center;\"><strong>Amb aquesta il.lusi\u00f3 us presentem la nova Col.lecci\u00f3 Primavera-Estiu de la Pelleteria La Sib\u00e8ria SS&#8217;15.<\/strong><\/h3>\n<h4 style=\"text-align: center;\">L&#8217;eterna jaqueta PERFECTO, en diferents pells i colors \u00e9s la protagonista de la moda esport m\u00e9s urbana. Combina-la com vulguis; amb texans, vestits llargs, faldilles o pantalons amples. Sempre ser\u00e0 el teu b\u00e0sic perfecte.<\/h4>\n<h4 style=\"text-align: center;\"><\/h4>\n<div id=\"attachment_13822\" style=\"width: 510px\" class=\"wp-caption aligncenter\"><a class=\"dt-single-image\" href=\"http:\/\/www.pelleterialasiberia.com\/wp-content\/uploads\/sites\/4\/2014\/07\/la-siberia-bolso-rosa.jpg\" data-dt-img-description=\"Ca\u00e7adora Perfecto negre La Sib\u00e8ria Barcelona i bolso Venus rosa Tuset&amp;Riera\"><img loading=\"lazy\" decoding=\"async\" aria-describedby=\"caption-attachment-13822\" class=\"wp-image-13822\" src=\"http:\/\/www.pelleterialasiberia.com\/wp-content\/uploads\/sites\/4\/2014\/07\/la-siberia-bolso-rosa-300x300.jpg\" alt=\"La Sib\u00e8ria bolso pell mauro rosa\" width=\"500\" height=\"500\" srcset=\"https:\/\/www.pelleterialasiberia.com\/es\/wp-content\/uploads\/sites\/4\/2014\/07\/la-siberia-bolso-rosa-300x300.jpg 300w, https:\/\/www.pelleterialasiberia.com\/es\/wp-content\/uploads\/sites\/4\/2014\/07\/la-siberia-bolso-rosa-150x150.jpg 150w, https:\/\/www.pelleterialasiberia.com\/es\/wp-content\/uploads\/sites\/4\/2014\/07\/la-siberia-bolso-rosa.jpg 800w\" sizes=\"auto, (max-width: 500px) 100vw, 500px\" \/><\/a><p id=\"caption-attachment-13822\" class=\"wp-caption-text\">Ca\u00e7adora Perfecto negre La Sib\u00e8ria Barcelona i bolso Venus rosa Tuset&amp;Riera<\/p><\/div>\n<p>&nbsp;<\/p>\n<p>&nbsp;<\/p>\n<p>&nbsp;<\/p>\n<h4>Una nova est\u00e8tica que recorda els anys setanta \u00a0arriba amb for\u00e7a aquesta temporada. \u00c9s una nova versi\u00f3 del<em> flower power<\/em>\u00a0. Les armilles d&#8217;ant i napa troquelades i les estoles amb serrells s\u00f3n referents ideals per aquest nou estil <em>gipsy<\/em> en versi\u00f3 m\u00e9s luxosa. Busca aquest look pels caps de setmana i les festes a l&#8217;aire lliure.<\/h4>\n<h4>En canvi, les jaquetes i vestits de napes troquelades que es presenten amb l\u00ednies simples i sobries tipus chanel , donen un aire m\u00e9s sofisticat al look, ideal per vestir les nits urbanes de \u00a0primavera.<\/h4>\n<h4>Els pantalons de napa el\u00e0stica negre combinen facilment amb peces de colors met\u00e0l.lics com els plata.<\/h4>\n<h4>El vestit tamb\u00e9 \u00e9s tend\u00e8ncia, pe\u00e7a ideal per la primavera. El pots portar sol o amb abric de napa curt, tant de dia com de nit. Vestits d&#8217;estil trapezi, tipus anys seixanta fets amb bi color o vestits de pell negre simples tipus fourreau. Dona-li un look totalment diferent nom\u00e9s canviant el cal\u00e7at i el bolso.<\/h4>\n<h4><\/h4>\n<p>&nbsp;<\/p>\n<p>&nbsp;<\/p>\n<p>&nbsp;<\/p>\n","protected":false},"excerpt":{"rendered":"<p>La primavera ja ha arribat, els dies s\u00f3n m\u00e9s llargs, \u00a0la llum i l&#8217;esclat de colors ens pugen l&#8217;estat d&#8217;\u00e0nim !! Amb aquesta il.lusi\u00f3 us presentem la nova Col.lecci\u00f3 Primavera-Estiu de la Pelleteria La Sib\u00e8ria SS&#8217;15. L&#8217;eterna jaqueta PERFECTO, en diferents pells i colors \u00e9s la protagonista de la moda esport m\u00e9s urbana. Combina-la com&hellip;<\/p>\n","protected":false},"author":2,"featured_media":13790,"comment_status":"open","ping_status":"open","sticky":false,"template":"","format":"standard","meta":{"footnotes":""},"categories":[100,92,91],"tags":[95,96,118,117,102,120,93,94,107,101,124,125],"class_list":["post-13787","post","type-post","status-publish","format-standard","has-post-thumbnail","hentry","category-col-leccio-napa-i-ante","category-complements-2015","category-primavera-2015","tag-barcelona","tag-blau","tag-creativitat","tag-disseny","tag-lasiberiabarcelona","tag-moda-urbana","tag-napa-primavera","tag-pell","tag-pell-barcelona","tag-perfecto","tag-street-style","tag-tendencia","category-100","category-92","category-91","description-off"],"yoast_head":"<!-- This site is optimized with the Yoast SEO plugin v25.0 - https:\/\/yoast.com\/wordpress\/plugins\/seo\/ -->\n<title>La Primavera ha arribat ! Llum, Color, Il.lusi\u00f3 - Peleter\u00eda la Siberia<\/title>\n<meta name=\"robots\" content=\"index, follow, max-snippet:-1, max-image-preview:large, max-video-preview:-1\" \/>\n<link rel=\"canonical\" href=\"https:\/\/www.pelleterialasiberia.com\/es\/2015\/04\/17\/primavera\/\" \/>\n<meta property=\"og:locale\" content=\"es_ES\" \/>\n<meta property=\"og:type\" content=\"article\" \/>\n<meta property=\"og:title\" content=\"La Primavera ha arribat ! Llum, Color, Il.lusi\u00f3 - Peleter\u00eda la Siberia\" \/>\n<meta property=\"og:description\" content=\"La primavera ja ha arribat, els dies s\u00f3n m\u00e9s llargs, \u00a0la llum i l&#8217;esclat de colors ens pugen l&#8217;estat d&#8217;\u00e0nim !! Amb aquesta il.lusi\u00f3 us presentem la nova Col.lecci\u00f3 Primavera-Estiu de la Pelleteria La Sib\u00e8ria SS&#8217;15. L&#8217;eterna jaqueta PERFECTO, en diferents pells i colors \u00e9s la protagonista de la moda esport m\u00e9s urbana. Combina-la com&hellip;\" \/>\n<meta property=\"og:url\" content=\"https:\/\/www.pelleterialasiberia.com\/es\/2015\/04\/17\/primavera\/\" \/>\n<meta property=\"og:site_name\" content=\"Peleter\u00eda la Siberia\" \/>\n<meta property=\"article:published_time\" content=\"2015-04-17T09:50:14+00:00\" \/>\n<meta property=\"article:modified_time\" content=\"2015-06-17T11:18:22+00:00\" \/>\n<meta property=\"og:image\" content=\"https:\/\/www.pelleterialasiberia.com\/es\/wp-content\/uploads\/sites\/4\/2015\/04\/la-siberia-primavera615-siosi.jpg\" \/>\n\t<meta property=\"og:image:width\" content=\"1200\" \/>\n\t<meta property=\"og:image:height\" content=\"631\" \/>\n\t<meta property=\"og:image:type\" content=\"image\/jpeg\" \/>\n<meta name=\"author\" content=\"lasiberiabarcelona\" \/>\n<meta name=\"twitter:card\" content=\"summary_large_image\" \/>\n<meta name=\"twitter:label1\" content=\"Escrito por\" \/>\n\t<meta name=\"twitter:data1\" content=\"lasiberiabarcelona\" \/>\n\t<meta name=\"twitter:label2\" content=\"Tiempo de lectura\" \/>\n\t<meta name=\"twitter:data2\" content=\"1 minuto\" \/>\n<script type=\"application\/ld+json\" class=\"yoast-schema-graph\">{\"@context\":\"https:\/\/schema.org\",\"@graph\":[{\"@type\":\"WebPage\",\"@id\":\"https:\/\/www.pelleterialasiberia.com\/es\/2015\/04\/17\/primavera\/\",\"url\":\"https:\/\/www.pelleterialasiberia.com\/es\/2015\/04\/17\/primavera\/\",\"name\":\"La Primavera ha arribat ! Llum, Color, Il.lusi\u00f3 - Peleter\u00eda la Siberia\",\"isPartOf\":{\"@id\":\"https:\/\/www.pelleterialasiberia.com\/es\/#website\"},\"primaryImageOfPage\":{\"@id\":\"https:\/\/www.pelleterialasiberia.com\/es\/2015\/04\/17\/primavera\/#primaryimage\"},\"image\":{\"@id\":\"https:\/\/www.pelleterialasiberia.com\/es\/2015\/04\/17\/primavera\/#primaryimage\"},\"thumbnailUrl\":\"https:\/\/www.pelleterialasiberia.com\/es\/wp-content\/uploads\/sites\/4\/2015\/04\/la-siberia-primavera615-siosi.jpg\",\"datePublished\":\"2015-04-17T09:50:14+00:00\",\"dateModified\":\"2015-06-17T11:18:22+00:00\",\"author\":{\"@id\":\"https:\/\/www.pelleterialasiberia.com\/es\/#\/schema\/person\/3fbde3a30c227bdedc8751ee2fd81f7a\"},\"breadcrumb\":{\"@id\":\"https:\/\/www.pelleterialasiberia.com\/es\/2015\/04\/17\/primavera\/#breadcrumb\"},\"inLanguage\":\"es\",\"potentialAction\":[{\"@type\":\"ReadAction\",\"target\":[\"https:\/\/www.pelleterialasiberia.com\/es\/2015\/04\/17\/primavera\/\"]}]},{\"@type\":\"ImageObject\",\"inLanguage\":\"es\",\"@id\":\"https:\/\/www.pelleterialasiberia.com\/es\/2015\/04\/17\/primavera\/#primaryimage\",\"url\":\"https:\/\/www.pelleterialasiberia.com\/es\/wp-content\/uploads\/sites\/4\/2015\/04\/la-siberia-primavera615-siosi.jpg\",\"contentUrl\":\"https:\/\/www.pelleterialasiberia.com\/es\/wp-content\/uploads\/sites\/4\/2015\/04\/la-siberia-primavera615-siosi.jpg\",\"width\":1200,\"height\":631,\"caption\":\"Col.lecci\u00f3 Primavera-Estiu SS'15. Ca\u00e7adores, jaquetes vestits, dfaldilles i pantalons d'ant i napa. Complements\"},{\"@type\":\"BreadcrumbList\",\"@id\":\"https:\/\/www.pelleterialasiberia.com\/es\/2015\/04\/17\/primavera\/#breadcrumb\",\"itemListElement\":[{\"@type\":\"ListItem\",\"position\":1,\"name\":\"Inici\",\"item\":\"https:\/\/www.pelleterialasiberia.com\/es\/\"},{\"@type\":\"ListItem\",\"position\":2,\"name\":\"La Primavera ha arribat ! Llum, Color, Il.lusi\u00f3\"}]},{\"@type\":\"WebSite\",\"@id\":\"https:\/\/www.pelleterialasiberia.com\/es\/#website\",\"url\":\"https:\/\/www.pelleterialasiberia.com\/es\/\",\"name\":\"Peleter\u00eda la Siberia\",\"description\":\"PELLETERIA BARCELONA\",\"potentialAction\":[{\"@type\":\"SearchAction\",\"target\":{\"@type\":\"EntryPoint\",\"urlTemplate\":\"https:\/\/www.pelleterialasiberia.com\/es\/?s={search_term_string}\"},\"query-input\":{\"@type\":\"PropertyValueSpecification\",\"valueRequired\":true,\"valueName\":\"search_term_string\"}}],\"inLanguage\":\"es\"},{\"@type\":\"Person\",\"@id\":\"https:\/\/www.pelleterialasiberia.com\/es\/#\/schema\/person\/3fbde3a30c227bdedc8751ee2fd81f7a\",\"name\":\"lasiberiabarcelona\",\"image\":{\"@type\":\"ImageObject\",\"inLanguage\":\"es\",\"@id\":\"https:\/\/www.pelleterialasiberia.com\/es\/#\/schema\/person\/image\/\",\"url\":\"https:\/\/secure.gravatar.com\/avatar\/f73c3f25c9e4b9c351f7a6e700395bec?s=96&d=mm&r=g\",\"contentUrl\":\"https:\/\/secure.gravatar.com\/avatar\/f73c3f25c9e4b9c351f7a6e700395bec?s=96&d=mm&r=g\",\"caption\":\"lasiberiabarcelona\"},\"url\":\"https:\/\/www.pelleterialasiberia.com\/es\/author\/lasiberiabarcelona\/\"}]}<\/script>\n<!-- \/ Yoast SEO plugin. -->","yoast_head_json":{"title":"La Primavera ha arribat ! Llum, Color, Il.lusi\u00f3 - Peleter\u00eda la Siberia","robots":{"index":"index","follow":"follow","max-snippet":"max-snippet:-1","max-image-preview":"max-image-preview:large","max-video-preview":"max-video-preview:-1"},"canonical":"https:\/\/www.pelleterialasiberia.com\/es\/2015\/04\/17\/primavera\/","og_locale":"es_ES","og_type":"article","og_title":"La Primavera ha arribat ! Llum, Color, Il.lusi\u00f3 - Peleter\u00eda la Siberia","og_description":"La primavera ja ha arribat, els dies s\u00f3n m\u00e9s llargs, \u00a0la llum i l&#8217;esclat de colors ens pugen l&#8217;estat d&#8217;\u00e0nim !! Amb aquesta il.lusi\u00f3 us presentem la nova Col.lecci\u00f3 Primavera-Estiu de la Pelleteria La Sib\u00e8ria SS&#8217;15. L&#8217;eterna jaqueta PERFECTO, en diferents pells i colors \u00e9s la protagonista de la moda esport m\u00e9s urbana. Combina-la com&hellip;","og_url":"https:\/\/www.pelleterialasiberia.com\/es\/2015\/04\/17\/primavera\/","og_site_name":"Peleter\u00eda la Siberia","article_published_time":"2015-04-17T09:50:14+00:00","article_modified_time":"2015-06-17T11:18:22+00:00","og_image":[{"width":1200,"height":631,"url":"https:\/\/www.pelleterialasiberia.com\/es\/wp-content\/uploads\/sites\/4\/2015\/04\/la-siberia-primavera615-siosi.jpg","type":"image\/jpeg"}],"author":"lasiberiabarcelona","twitter_card":"summary_large_image","twitter_misc":{"Escrito por":"lasiberiabarcelona","Tiempo de lectura":"1 minuto"},"schema":{"@context":"https:\/\/schema.org","@graph":[{"@type":"WebPage","@id":"https:\/\/www.pelleterialasiberia.com\/es\/2015\/04\/17\/primavera\/","url":"https:\/\/www.pelleterialasiberia.com\/es\/2015\/04\/17\/primavera\/","name":"La Primavera ha arribat ! Llum, Color, Il.lusi\u00f3 - Peleter\u00eda la Siberia","isPartOf":{"@id":"https:\/\/www.pelleterialasiberia.com\/es\/#website"},"primaryImageOfPage":{"@id":"https:\/\/www.pelleterialasiberia.com\/es\/2015\/04\/17\/primavera\/#primaryimage"},"image":{"@id":"https:\/\/www.pelleterialasiberia.com\/es\/2015\/04\/17\/primavera\/#primaryimage"},"thumbnailUrl":"https:\/\/www.pelleterialasiberia.com\/es\/wp-content\/uploads\/sites\/4\/2015\/04\/la-siberia-primavera615-siosi.jpg","datePublished":"2015-04-17T09:50:14+00:00","dateModified":"2015-06-17T11:18:22+00:00","author":{"@id":"https:\/\/www.pelleterialasiberia.com\/es\/#\/schema\/person\/3fbde3a30c227bdedc8751ee2fd81f7a"},"breadcrumb":{"@id":"https:\/\/www.pelleterialasiberia.com\/es\/2015\/04\/17\/primavera\/#breadcrumb"},"inLanguage":"es","potentialAction":[{"@type":"ReadAction","target":["https:\/\/www.pelleterialasiberia.com\/es\/2015\/04\/17\/primavera\/"]}]},{"@type":"ImageObject","inLanguage":"es","@id":"https:\/\/www.pelleterialasiberia.com\/es\/2015\/04\/17\/primavera\/#primaryimage","url":"https:\/\/www.pelleterialasiberia.com\/es\/wp-content\/uploads\/sites\/4\/2015\/04\/la-siberia-primavera615-siosi.jpg","contentUrl":"https:\/\/www.pelleterialasiberia.com\/es\/wp-content\/uploads\/sites\/4\/2015\/04\/la-siberia-primavera615-siosi.jpg","width":1200,"height":631,"caption":"Col.lecci\u00f3 Primavera-Estiu SS'15. Ca\u00e7adores, jaquetes vestits, dfaldilles i pantalons d'ant i napa. Complements"},{"@type":"BreadcrumbList","@id":"https:\/\/www.pelleterialasiberia.com\/es\/2015\/04\/17\/primavera\/#breadcrumb","itemListElement":[{"@type":"ListItem","position":1,"name":"Inici","item":"https:\/\/www.pelleterialasiberia.com\/es\/"},{"@type":"ListItem","position":2,"name":"La Primavera ha arribat ! Llum, Color, Il.lusi\u00f3"}]},{"@type":"WebSite","@id":"https:\/\/www.pelleterialasiberia.com\/es\/#website","url":"https:\/\/www.pelleterialasiberia.com\/es\/","name":"Peleter\u00eda la Siberia","description":"PELLETERIA BARCELONA","potentialAction":[{"@type":"SearchAction","target":{"@type":"EntryPoint","urlTemplate":"https:\/\/www.pelleterialasiberia.com\/es\/?s={search_term_string}"},"query-input":{"@type":"PropertyValueSpecification","valueRequired":true,"valueName":"search_term_string"}}],"inLanguage":"es"},{"@type":"Person","@id":"https:\/\/www.pelleterialasiberia.com\/es\/#\/schema\/person\/3fbde3a30c227bdedc8751ee2fd81f7a","name":"lasiberiabarcelona","image":{"@type":"ImageObject","inLanguage":"es","@id":"https:\/\/www.pelleterialasiberia.com\/es\/#\/schema\/person\/image\/","url":"https:\/\/secure.gravatar.com\/avatar\/f73c3f25c9e4b9c351f7a6e700395bec?s=96&d=mm&r=g","contentUrl":"https:\/\/secure.gravatar.com\/avatar\/f73c3f25c9e4b9c351f7a6e700395bec?s=96&d=mm&r=g","caption":"lasiberiabarcelona"},"url":"https:\/\/www.pelleterialasiberia.com\/es\/author\/lasiberiabarcelona\/"}]}},"_links":{"self":[{"href":"https:\/\/www.pelleterialasiberia.com\/es\/wp-json\/wp\/v2\/posts\/13787","targetHints":{"allow":["GET"]}}],"collection":[{"href":"https:\/\/www.pelleterialasiberia.com\/es\/wp-json\/wp\/v2\/posts"}],"about":[{"href":"https:\/\/www.pelleterialasiberia.com\/es\/wp-json\/wp\/v2\/types\/post"}],"author":[{"embeddable":true,"href":"https:\/\/www.pelleterialasiberia.com\/es\/wp-json\/wp\/v2\/users\/2"}],"replies":[{"embeddable":true,"href":"https:\/\/www.pelleterialasiberia.com\/es\/wp-json\/wp\/v2\/comments?post=13787"}],"version-history":[{"count":10,"href":"https:\/\/www.pelleterialasiberia.com\/es\/wp-json\/wp\/v2\/posts\/13787\/revisions"}],"predecessor-version":[{"id":13999,"href":"https:\/\/www.pelleterialasiberia.com\/es\/wp-json\/wp\/v2\/posts\/13787\/revisions\/13999"}],"wp:featuredmedia":[{"embeddable":true,"href":"https:\/\/www.pelleterialasiberia.com\/es\/wp-json\/wp\/v2\/media\/13790"}],"wp:attachment":[{"href":"https:\/\/www.pelleterialasiberia.com\/es\/wp-json\/wp\/v2\/media?parent=13787"}],"wp:term":[{"taxonomy":"category","embeddable":true,"href":"https:\/\/www.pelleterialasiberia.com\/es\/wp-json\/wp\/v2\/categories?post=13787"},{"taxonomy":"post_tag","embeddable":true,"href":"https:\/\/www.pelleterialasiberia.com\/es\/wp-json\/wp\/v2\/tags?post=13787"}],"curies":[{"name":"wp","href":"https:\/\/api.w.org\/{rel}","templated":true}]}}